[{"@context":"https:\/\/schema.org\/","@type":"Article","@id":"https:\/\/www.gratia.cz\/sedaci-vak-napomaha-k-pocitu-klidu\/#Article","mainEntityOfPage":"https:\/\/www.gratia.cz\/sedaci-vak-napomaha-k-pocitu-klidu\/","headline":"Sedac\u00ed vak napom\u00e1h\u00e1 k pocitu klidu.","name":"Sedac\u00ed vak napom\u00e1h\u00e1 k pocitu klidu.","description":"V\u00edme, \u017ee porucha na spektru postihuje \u010dast\u011bji chlapce ne\u017e sle\u010dny. V\u00edme, \u017ee k autismu je \u010dasto p\u0159idru\u017eena dal\u0161\u00ed porucha. M\u016f\u017ee (a nemus\u00ed) j\u00ed b\u00fdt ment\u00e1ln\u00ed retardace, ADHD, epilepsie, formy dyslexie, dysgrafie, dysortografie a dal\u0161\u00ed. V\u00edme, \u017ee prakticky neexistuj\u00ed dva jedinci se stejn\u00fdmi projevy poruchy autistick\u00e9ho spektra. Pro\u010d by tak\u00e9 m\u011bli, kdy\u017e ani lid\u00e9 bez poruchy &hellip; ","datePublished":"2020-09-15","dateModified":"2023-06-05","author":{"@type":"Person","@id":"https:\/\/www.gratia.cz\/author\/#Person","name":"","url":"https:\/\/www.gratia.cz\/author\/","identifier":1,"image":{"@type":"ImageObject","@id":"https:\/\/secure.gravatar.com\/avatar\/11f8c6ff4d174e1ebef1d6401491d0892ff6534e7a3312fbf752a8f90a4375cd?s=96&d=mm&r=g","url":"https:\/\/secure.gravatar.com\/avatar\/11f8c6ff4d174e1ebef1d6401491d0892ff6534e7a3312fbf752a8f90a4375cd?s=96&d=mm&r=g","height":96,"width":96}},"publisher":{"@type":"Organization","name":"gratia.cz","logo":{"@type":"ImageObject","@id":"\/logo.png","url":"\/logo.png","width":600,"height":60}},"image":{"@type":"ImageObject","@id":"https:\/\/www.gratia.cz\/wp-content\/uploads\/autism-2377410_960_720.jpg","url":"https:\/\/www.gratia.cz\/wp-content\/uploads\/autism-2377410_960_720.jpg","height":0,"width":0},"url":"https:\/\/www.gratia.cz\/sedaci-vak-napomaha-k-pocitu-klidu\/","about":["N\u00e1kupy"],"wordCount":470,"articleBody":"     V\u00edme, \u017ee porucha na spektru postihuje \u010dast\u011bji chlapce ne\u017e sle\u010dny. V\u00edme, \u017ee k autismu je \u010dasto p\u0159idru\u017eena dal\u0161\u00ed porucha. M\u016f\u017ee (a nemus\u00ed) j\u00ed b\u00fdt ment\u00e1ln\u00ed retardace, ADHD, epilepsie, formy dyslexie, dysgrafie, dysortografie a dal\u0161\u00ed. V\u00edme, \u017ee prakticky neexistuj\u00ed dva jedinci se stejn\u00fdmi projevy poruchy autistick\u00e9ho spektra. Pro\u010d by tak\u00e9 m\u011bli, kdy\u017e ani lid\u00e9 bez poruchy autistick\u00e9ho spektra k sob\u011b nemaj\u00ed naprosto stejn\u00fd prot\u011bj\u0161ek? Nev\u00edme, kde se porucha bere (i p\u0159es r\u016fzn\u00e9 konspira\u010dn\u00ed teorie) a nev\u00edme, zda n\u011bkdy m\u016f\u017ee b\u00fdt \u00fapln\u011b odstran\u011bna. V\u00edme v\u0161ak, \u017ee schopnosti a dovednosti u jedinc\u016f p\u0159edev\u0161\u00edm vysokofunk\u010dn\u00edch se daj\u00ed zlep\u0161ovat. Chce to hodn\u011b p\u00edle a trp\u011blivosti, ale je to mo\u017en\u00e9.V\u00edme, \u017ee se porucha projevuje v komunikaci, socializaci, emo\u010dn\u00ed inteligenci, n\u00e1vyc\u00edch a n\u00e1cvic\u00edch b\u011b\u017en\u00e9ho chov\u00e1n\u00ed (nakupov\u00e1n\u00ed, n\u00e1v\u0161t\u011bvy u l\u00e9ka\u0159e, n\u00e1v\u0161t\u011bvy p\u0159\u00e1tel a zn\u00e1m\u00fdch, rodiny a tak d\u00e1le). Velmi typick\u00e9 jsou naopak vzorce chov\u00e1n\u00ed jako obsedantn\u00ed chov\u00e1n\u00ed, opakuj\u00edc\u00ed se vzorce chov\u00e1n\u00ed, vynucen\u00fd \u0159\u00e1d a pravidelnost. V\u00edme, \u017ee lid\u00e9 s PAS maj\u00ed \u010dasto zv\u00fd\u0161enou, ale i sn\u00ed\u017eenou citlivost na podn\u011bty zvukov\u00e9, obrazov\u00e9, \u010dichov\u00e9, chu\u0165ov\u00e9, a taktiln\u00ed.V\u00edme tak\u00e9, \u017ee porucha komunikace, kter\u00e1 je u lid\u00ed s PAS velmi \u010dastou z\u00e1le\u017eitost\u00ed, m\u016f\u017ee vy\u00fastit v agresivn\u00ed nebo ne\u017e\u00e1douc\u00ed chov\u00e1n\u00ed, kter\u00fdm lid\u00e9 s PAS projevuj\u00ed sv\u016fj nesouhlas, zbavuj\u00ed se nap\u011bt\u00ed a stresu, a sna\u017e\u00ed se o distrakci, kter\u00e1 jim pom\u016f\u017ee doc\u00edlit vnit\u0159n\u00edho klidu. V takov\u00fdch situac\u00edch je vhodn\u00e9, abychom se sna\u017eili chov\u00e1n\u00ed porozum\u011bt. Abychom sv\u00fdm stresem a sv\u00fdm nap\u011bt\u00edm nep\u0159isp\u00edvali k situaci a nezvy\u0161ovali ji\u017e tak vysok\u00e9 nap\u011bt\u00ed. V\u00edme tak\u00e9, \u017ee existuj\u00ed ur\u010dit\u00e9 podn\u011bty, kter\u00e9 napom\u00e1haj\u00ed ke zklidn\u011bn\u00ed situace. Na p\u0159\u00edklad Tac-Pac cvi\u010den\u00ed, zm\u011bna okol\u00ed, zm\u011bna lid\u00ed, vyveden\u00ed z napjat\u00e9 situace a dal\u0161\u00ed. Velk\u00fd ohlas v\u0161ak maj\u00ed takzvan\u00e9 sensorick\u00e9 podn\u011bty. Pro n\u011bkoho to m\u016f\u017ee b\u00fdt bublinkov\u00e1 folie, pro n\u011bkoho ply\u0161, pro jin\u00e9 na p\u0159\u00edklad takzvan\u00e9 bean bags, nebo-li sedac\u00ed vaky. Sedac\u00ed vak hru\u0161ka kr\u00e1sn\u011b zkop\u00edruje na\u0161i p\u00e1te\u0159 a p\u0159isp\u00edv\u00e1 nejen k vn\u011bj\u0161\u00edmu, ale tak\u00e9 vnit\u0159n\u00edmu pohodl\u00ed n\u00e1s v\u0161ech. Sedac\u00ed vak je mezi lidmi s poruchou spektra velmi obl\u00edben\u00fd. Ze zku\u0161enosti v\u00edme, \u017ee se v nich c\u00edt\u00ed mnohem l\u00e9pe ne\u017e na oby\u010dejn\u00e9m k\u0159esle. Jeho koup\u00ed rozhodn\u011b ne\u0161l\u00e1pnete vedle.                                                                                                                                                                                                                                                                                                                                                                                          5\/5 - (1 vote)        "},{"@context":"https:\/\/schema.org\/","@type":"BreadcrumbList","itemListElement":[{"@type":"ListItem","position":1,"name":"Sedac\u00ed vak napom\u00e1h\u00e1 k pocitu klidu.","item":"https:\/\/www.gratia.cz\/sedaci-vak-napomaha-k-pocitu-klidu\/#breadcrumbitem"}]}]