[{"@context":"https:\/\/schema.org\/","@type":"Article","@id":"https:\/\/www.gratia.cz\/kam-s-ni\/#Article","mainEntityOfPage":"https:\/\/www.gratia.cz\/kam-s-ni\/","headline":"Kam s n\u00ed?","name":"Kam s n\u00ed?","description":"On ani nemus\u00ed b\u00fdt zcela nov\u00fd, ale je to byt. A je jedno, zda se sem st\u011bhuj\u00ed mlad\u00ed \u010di sta\u0159\u00ed, man\u017eel\u00e9 \u010di kamar\u00e1di. V ka\u017ed\u00e9m p\u0159\u00edpad\u011b budou pot\u0159ebovat n\u00e1bytek a ten tak\u00e9 pat\u0159i\u010dn\u011b rozm\u00edstit. Z\u00e1klad je st\u016fl a \u017eidle. Kdo m\u00e1 \u017eidli tak ten bydl\u00ed, prav\u00ed se v jedn\u00e9 p\u00edsni a d\u00e1 se \u0159\u00edci, \u017ee &hellip; ","datePublished":"2022-12-14","dateModified":"2023-06-05","author":{"@type":"Person","@id":"https:\/\/www.gratia.cz\/author\/#Person","name":"","url":"https:\/\/www.gratia.cz\/author\/","identifier":1,"image":{"@type":"ImageObject","@id":"https:\/\/secure.gravatar.com\/avatar\/11f8c6ff4d174e1ebef1d6401491d0892ff6534e7a3312fbf752a8f90a4375cd?s=96&d=mm&r=g","url":"https:\/\/secure.gravatar.com\/avatar\/11f8c6ff4d174e1ebef1d6401491d0892ff6534e7a3312fbf752a8f90a4375cd?s=96&d=mm&r=g","height":96,"width":96}},"publisher":{"@type":"Organization","name":"gratia.cz","logo":{"@type":"ImageObject","@id":"\/logo.png","url":"\/logo.png","width":600,"height":60}},"image":{"@type":"ImageObject","@id":"https:\/\/www.gratia.cz\/wp-content\/uploads\/custom_closets.jpg","url":"https:\/\/www.gratia.cz\/wp-content\/uploads\/custom_closets.jpg","height":0,"width":0},"url":"https:\/\/www.gratia.cz\/kam-s-ni\/","about":["N\u00e1kupy"],"wordCount":447,"articleBody":"        On ani nemus\u00ed b\u00fdt zcela nov\u00fd, ale je to byt. A je jedno, zda se sem st\u011bhuj\u00ed mlad\u00ed \u010di sta\u0159\u00ed, man\u017eel\u00e9 \u010di kamar\u00e1di. V ka\u017ed\u00e9m p\u0159\u00edpad\u011b budou pot\u0159ebovat n\u00e1bytek a ten tak\u00e9 pat\u0159i\u010dn\u011b rozm\u00edstit. Z\u00e1klad je st\u016fl a \u017eidle. Kdo m\u00e1 \u017eidli tak ten bydl\u00ed, prav\u00ed se v jedn\u00e9 p\u00edsni a d\u00e1 se \u0159\u00edci, \u017ee je to skoro pravda. Skoro. Proto\u017ee ona jet t\u0159eba m\u00edt takt\u00e9\u017e sk\u0159\u00edn\u011b. Ty slou\u017e\u00ed k tomu, aby bylo kam d\u00e1t \u0161aty a nejen ty. Ale v\u011bt\u0161inou se tam d\u00e1vaj\u00ed jen ony a n\u011bkdy je\u0161t\u011b t\u0159eba povle\u010den\u00ed, ut\u011brky a ru\u010dn\u00edky. Ale ve velk\u00e9 v\u011bt\u0161in\u011b p\u0159\u00edpad\u016f je to l\u00e1tka, frot\u00e9 nebo flanel co ve sk\u0159\u00edni bude. Proto se dom\u00e1cnost bez n\u011b\u010deho takov\u00e9ho nem\u016f\u017ee obej\u00edt a ani neobejde. Tak\u017ee se jde sh\u00e1n\u011bt sk\u0159\u00ed\u0148. V obchod\u011b se m\u011b\u0159\u00ed a m\u011b\u0159\u00ed a nic nen\u00ed tak, jak by bylo pot\u0159eba. A kdy\u017e u\u017e se kone\u010dn\u011b n\u011bco, co sice nen\u00ed rozm\u011brov\u011b p\u0159esn\u00e9, najde, tak je to vzhledov\u011b hnus. A to, co se l\u00edb\u00ed zase nepasuje tam a tam. \u010cert, aby to vzal. Je docela dob\u0159e mo\u017en\u00e9, \u017ee jste na \u0161patn\u00e9 adrese. \u010cert to nevezme, proto\u017ee pr\u00fd neexistuje, \u010demu\u017e nap\u0159\u00edklad j\u00e1 nev\u011b\u0159\u00edm, neb jsem je v\u00eddal v televizi, kdy\u017e jsem ji je\u0161t\u011b m\u00edval. Tak\u017ee \u010derti existuj\u00ed. Ale s n\u00e1bytkem nepomohou, to je l\u00e9pe se obr\u00e1tit na n\u011bkoho, kdo tomu rozum\u00ed l\u00e9pe ne\u017e zm\u00edn\u011bn\u00fd satan\u00e1\u0161. Takov\u00fd \u010dlov\u011bk pak zcela jist\u011b um\u00ed ud\u011blat sk\u0159\u00edn\u011b na m\u00edru. A to naprosto p\u0159esn\u011b na centimetr. Nev\u00edm v\u0161ak, zda mu u toho nepom\u00e1h\u00e1 \u010dert. Tajn\u011b. No, nechme \u010f\u00e1bl\u00edka stranou a pod\u00edvejme se na fakt, \u017ee sk\u0159\u00edn\u011b na m\u00edru maj\u00ed obrovskou v\u00fdhodu. Toti\u017e pr\u00e1v\u011b tu, \u017ee je v\u00e1m firma ud\u011bl\u00e1 p\u0159esn\u011b na centimetr do m\u00edsta, kter\u00e9 si sami ur\u010d\u00edte. Vy si pak je\u0161t\u011b mus\u00edte vybrat materi\u00e1l a samoz\u0159ejm\u011b povrch. Zda chcete m\u00edt sk\u0159\u00ed\u0148 tmavou, \u010di sv\u011btlou, se zrcadly nebo bez. Tady se ned\u00e1 radit, proto\u017ee ka\u017ed\u00fd m\u00e1 jin\u00fd vkus. N\u011bkdo to r\u00e1d sv\u011btl\u00e9, n\u011bkdo zase do tmava. Proti gustu \u017e\u00e1dn\u00fd di\u0161put\u00e1t. Tak\u017ee v\u00e1m nezb\u00fdv\u00e1, pokud takov\u00e9 sk\u0159\u00edn\u011b chcete ne\u017e kliknout na odkaz o n\u011bco v\u00fd\u0161e. Zbytek u\u017e je na v\u00e1s.                                                                                                                                                                                                                                                                                                                                                                                           4.2\/5 - (9 votes)        "},{"@context":"https:\/\/schema.org\/","@type":"BreadcrumbList","itemListElement":[{"@type":"ListItem","position":1,"name":"Kam s n\u00ed?","item":"https:\/\/www.gratia.cz\/kam-s-ni\/#breadcrumbitem"}]}]